{"id":5239,"date":"2020-01-16T19:40:14","date_gmt":"2020-01-16T16:40:14","guid":{"rendered":"https:\/\/www.keypoint.com.tr\/?p=5239"},"modified":"2020-06-22T20:29:03","modified_gmt":"2020-06-22T17:29:03","slug":"2020-yili-gayrimenkul-sektoru-icin-daha-iyi-bir-yil-olacak","status":"publish","type":"post","link":"https:\/\/www.keypoint.com.tr\/en\/2020-yili-gayrimenkul-sektoru-icin-daha-iyi-bir-yil-olacak\/","title":{"rendered":"\u201d2020 y\u0131l\u0131 Gayrimenkul Sekt\u00f6r\u00fc i\u00e7in daha iyi bir y\u0131l olacak\u201d"},"content":{"rendered":"<h3>GAYR\u0130MENKUL SEKT\u00d6R\u00dcNDE 2019 YILINI DE\u011eERLEND\u0130REN VE 2020 \u0130\u00c7\u0130N \u00d6NG\u00d6R\u00dcLER\u0130N\u0130 PAYLA\u015eAN KEYPO\u0130NT GAYR\u0130MENKUL KURUCUSU TARIK SE\u00c7K\u0130N, GAYR\u0130MENKUL SEKT\u00d6R\u00dcNDE 2020 YILININ, GER\u0130DE BIRAKTI\u011eIMIZ 2019 YILINA G\u00d6RE \u00c7OK DAHA VER\u0130ML\u0130 B\u0130R YIL OLMASINI BEKLED\u0130\u011e\u0130N\u0130 S\u00d6YLED\u0130.<\/h3>\n<p>\u2018\u20192019 y\u0131l\u0131 genel olarak k\u00fcresel bazda artan b\u00fcy\u00fcme endi\u015feleri ve al\u0131nmaya \u00e7al\u0131\u015f\u0131lan \u00f6nlemlerle ge\u00e7en bir y\u0131l oldu. Ya\u015fanan ticaret sava\u015flar\u0131,\u00a0<strong><a href=\"https:\/\/www.mulkhaber.com\/?s=k%C3%BCresel+ekonomi\">k\u00fcresel ekonomik<\/a><\/strong>\u00a0dengesizlikleri beraberinde getirdi. Bu durumun varl\u0131k fiyatlar\u0131nda a\u015fa\u011f\u0131 y\u00f6nl\u00fc beklentileri g\u00fc\u00e7lendirdi\u011fini g\u00f6rd\u00fck.<\/p>\n<p>Geli\u015fmi\u015f \u00fclkelerde sa\u011flanan parasal te\u015fviklerin ve uygulanan faiz politikalar\u0131n\u0131n istenilen ba\u015far\u0131ya ula\u015famad\u0131\u011f\u0131n\u0131 g\u00f6zlemledik. Geli\u015fmekte olan \u00fclkeler ise enflasyon politikalar\u0131na g\u00f6re benzer uygulamalar yaparak, ekonomik b\u00fcy\u00fcme stratejileri olu\u015fturmaya \u00e7al\u0131\u015ft\u0131lar.<\/p>\n<p>\u00dclkemizde ise ekonomik olarak ya\u015fanan dalgalanmalar\u0131n \u00f6zellikle son d\u00f6nemde faiz alan\u0131nda etkilerinin giderek daha normalle\u015fti\u011fini g\u00f6rmekteyiz\u2019\u2019 dedi.<\/p>\n<p>\u0130n\u015faat sekt\u00f6r\u00fcn\u00fcn, yaratt\u0131\u011f\u0131 katma de\u011fer ve istihdam olanaklar\u0131yla, \u00fclke ekonomimiz i\u00e7in son derece b\u00fcy\u00fck bir \u00f6neme sahip oldu\u011funun alt\u0131n\u0131 \u00e7izen Tar\u0131k Se\u00e7kin \u2018\u2019Ge\u00e7ti\u011fimiz 20 y\u0131l boyunca, T\u00fcrkiye\u2019de in\u015faat sekt\u00f6r\u00fc ekonominin b\u00fcy\u00fcmesine paralel bir b\u00fcy\u00fcme ger\u00e7ekle\u015ftirmi\u015ftir. 2019 y\u0131l\u0131na bakt\u0131\u011f\u0131m\u0131zda ger\u00e7ekle\u015fen konut sat\u0131\u015f\u0131 rakamlar\u0131n\u0131n, konjonkt\u00fcr d\u00fc\u015f\u00fcn\u00fcld\u00fc\u011f\u00fcnde ger\u00e7ekle\u015fmelerin normal oldu\u011funu s\u00f6yleyebiliriz. Son d\u00f6nemde ise \u00f6zellikle kamu bankalar\u0131n\u0131n konut kredi faizlerinde yapt\u0131\u011f\u0131 indirimler, \u00f6zellikle ipotekli sat\u0131\u015flar \u00fczerinde olumlu etki yaratm\u0131\u015f olup, hem t\u00fcketici hem de \u00fcretici a\u00e7\u0131s\u0131ndan canl\u0131l\u0131\u011f\u0131 art\u0131rmaya ba\u015flam\u0131\u015ft\u0131r\u2019\u2019 dedi.<\/p>\n<p>Konut sat\u0131\u015flar\u0131nda yabanc\u0131ya sat\u0131\u015flar\u0131n da \u00f6nemli bir yere sahip oldu\u011funu dile getiren Tar\u0131k Se\u00e7kin \u2018\u2019Yabanc\u0131 sat\u0131\u015flarda, 2019 y\u0131l\u0131nda yakla\u015f\u0131k 45.000 adet\u00a0<a href=\"https:\/\/www.mulkhaber.com\/?s=konut+sat%C4%B1%C5%9F%C4%B1\"><strong>konut sat\u0131\u015f\u0131<\/strong><\/a> yap\u0131ld\u0131. 2020 y\u0131l\u0131nda \u00f6zellikle haz\u0131r konutlar olmak \u00fczere beklentimiz bu rakam\u0131n \u00e7ok \u00fczerinde\u2019\u2019 dedi. \u00dclke n\u00fcfusunun %18,4\u2019\u00fcn\u00fcn ikamet etti\u011fi \u0130stanbul\u2019un, %0,26\u2019l\u0131k n\u00fcfus art\u0131\u015f\u0131 g\u00f6sterdi\u011fine dikkat \u00e7eken Tar\u0131k Se\u00e7kin, \u00f6zellikle b\u00fcy\u00fck \u015fehirlerdeki n\u00fcfus art\u0131\u015f\u0131n\u0131n konut sekt\u00f6r\u00fcne olan talebi artmaya devam edece\u011fine i\u015faret etti.<\/p>\n<p>&nbsp;<\/p>\n<p>&nbsp;<\/p>\n","protected":false},"excerpt":{"rendered":"<p>GAYR\u0130MENKUL SEKT\u00d6R\u00dcNDE 2019 YILINI DE\u011eERLEND\u0130REN VE 2020 \u0130\u00c7\u0130N \u00d6NG\u00d6R\u00dcLER\u0130N\u0130 PAYLA\u015eAN KEYPO\u0130NT GAYR\u0130MENKUL KURUCUSU TARIK SE\u00c7K\u0130N, GAYR\u0130MENKUL SEKT\u00d6R\u00dcNDE 2020 YILININ, GER\u0130DE BIRAKTI\u011eIMIZ 2019 YILINA G\u00d6RE \u00c7OK DAHA VER\u0130ML\u0130 B\u0130R YIL OLMASINI BEKLED\u0130\u011e\u0130N\u0130 S\u00d6YLED\u0130. \u2018\u20192019 y\u0131l\u0131 genel olarak k\u00fcresel bazda artan b\u00fcy\u00fcme endi\u015feleri ve al\u0131nmaya \u00e7al\u0131\u015f\u0131lan \u00f6nlemlerle ge\u00e7en bir y\u0131l oldu. Ya\u015fanan ticaret sava\u015flar\u0131,\u00a0k\u00fcresel ekonomik\u00a0dengesizlikleri beraberinde getirdi. [&hellip;]<\/p>\n","protected":false},"author":1,"featured_media":5793,"comment_status":"open","ping_status":"open","sticky":false,"template":"","format":"standard","meta":{"footnotes":""},"categories":[169],"tags":[],"class_list":["post-5239","post","type-post","status-publish","format-standard","has-post-thumbnail","hentry","category-guncel-haberler"],"_links":{"self":[{"href":"https:\/\/www.keypoint.com.tr\/en\/wp-json\/wp\/v2\/posts\/5239","targetHints":{"allow":["GET"]}}],"collection":[{"href":"https:\/\/www.keypoint.com.tr\/en\/wp-json\/wp\/v2\/posts"}],"about":[{"href":"https:\/\/www.keypoint.com.tr\/en\/wp-json\/wp\/v2\/types\/post"}],"author":[{"embeddable":true,"href":"https:\/\/www.keypoint.com.tr\/en\/wp-json\/wp\/v2\/users\/1"}],"replies":[{"embeddable":true,"href":"https:\/\/www.keypoint.com.tr\/en\/wp-json\/wp\/v2\/comments?post=5239"}],"version-history":[{"count":4,"href":"https:\/\/www.keypoint.com.tr\/en\/wp-json\/wp\/v2\/posts\/5239\/revisions"}],"predecessor-version":[{"id":6456,"href":"https:\/\/www.keypoint.com.tr\/en\/wp-json\/wp\/v2\/posts\/5239\/revisions\/6456"}],"wp:featuredmedia":[{"embeddable":true,"href":"https:\/\/www.keypoint.com.tr\/en\/wp-json\/wp\/v2\/media\/5793"}],"wp:attachment":[{"href":"https:\/\/www.keypoint.com.tr\/en\/wp-json\/wp\/v2\/media?parent=5239"}],"wp:term":[{"taxonomy":"category","embeddable":true,"href":"https:\/\/www.keypoint.com.tr\/en\/wp-json\/wp\/v2\/categories?post=5239"},{"taxonomy":"post_tag","embeddable":true,"href":"https:\/\/www.keypoint.com.tr\/en\/wp-json\/wp\/v2\/tags?post=5239"}],"curies":[{"name":"wp","href":"https:\/\/api.w.org\/{rel}","templated":true}]}}