{"id":6412,"date":"2020-06-22T20:07:43","date_gmt":"2020-06-22T17:07:43","guid":{"rendered":"https:\/\/www.keypoint.com.tr\/?p=6412"},"modified":"2020-06-22T20:29:52","modified_gmt":"2020-06-22T17:29:52","slug":"gayrimenkul-alicilari-ve-yatirimcilar-icin-mukemmel-bir-satin-alma-firsati","status":"publish","type":"post","link":"https:\/\/www.keypoint.com.tr\/en\/gayrimenkul-alicilari-ve-yatirimcilar-icin-mukemmel-bir-satin-alma-firsati\/","title":{"rendered":"Gayrimenkul ve Emlak piyasas\u0131nda b\u00fcy\u00fck talep art\u0131\u015f\u0131!"},"content":{"rendered":"<p><strong>COVID-19 salg\u0131n\u0131n\u0131n Gayrimenkul sekt\u00f6r\u00fc \u00fczerindeki etkilerini ve salg\u0131n sonras\u0131 beklentileri de\u011ferlendiren Keypoint Gayrimenkul kurucusu Tar\u0131k Se\u00e7kin,<\/strong><strong>i\u00e7inde bulundu\u011fumuz d\u00f6nemin potansiyel gayrimenkul al\u0131c\u0131lar\u0131 ve yat\u0131r\u0131mc\u0131lar i\u00e7in m\u00fckemmel bir sat\u0131n alma f\u0131rsat\u0131 olu\u015fturdu\u011funu s\u00f6yledi.<\/strong><\/p>\n<p>Son d\u00f6nemde hem yerli, hem de yabanc\u0131 m\u00fc\u015fterilerin gayrimenkul taleplerinin artt\u0131\u011f\u0131n\u0131 ve k\u00fcresel salg\u0131n Covid- 19\u2018un konut talebini yeniden \u015fekillendirdi\u011fini dile getiren Tar\u0131k Se\u00e7kin\u00a0 &#8216;Son d\u00f6nemde ald\u0131\u011f\u0131m\u0131z taleplerin b\u00fcy\u00fck bir k\u0131sm\u0131n\u0131 \u015fehir merkezinden uzak, terasl\u0131 veya bah\u00e7eli yani nefes alan yap\u0131lar olu\u015fturuyor. \u0130zole bir hayat s\u00fcrmek i\u00e7in bah\u00e7eli m\u00fcstakil evler ve villalar tercih ediliyor. \u00d6n\u00fcm\u00fczdeki s\u00fcre\u00e7te sa\u011fl\u0131kl\u0131 bir ya\u015fam ve \u00e7al\u0131\u015fma ortam\u0131 sunabilecek, g\u00fcvenli, y\u00fcksek kaliteli yap\u0131lara olan talep h\u0131zla artacak. \u0130yi bir aile yat\u0131r\u0131m\u0131n\u0131 neyin olu\u015fturdu\u011funa dair beklentilerin de\u011fi\u015febilece\u011fini d\u00fc\u015f\u00fcn\u00fcyorum. Otomobilin modelini yenilemek yerine, ekstra odal\u0131, bah\u00e7eli bir ev sat\u0131n alman\u0131n daha iyi tercih oldu\u011fu d\u00fc\u015f\u00fcn\u00fclecektir.\u2019 dedi.<\/p>\n<p>Emlak Sekt\u00f6r\u00fcn\u00fcn s\u00fcrece h\u0131zla adapte olarak, vir\u00fcse maruz kalmay\u0131 en aza indiren yakla\u015f\u0131mlar geli\u015ftirdi\u011finin alt\u0131n\u0131 \u00e7izen Tar\u0131k Se\u00e7kin \u2018Bir\u00e7ok temsilci \u015fimdi uzaktan \u00e7al\u0131\u015f\u0131yor ve i\u015flerinin \u00e7o\u011funu sanal olarak y\u00fcr\u00fct\u00fcyor. Bu s\u00fcre\u00e7te potansiyel al\u0131c\u0131lar\u0131n\u0131n bir k\u0131sm\u0131 gayrimenkul\u00fc \u00a0fiziksel olarak gezmeden \u00f6nce sat\u0131n almakta teredd\u00fct etti. \u0130nsanlar\u0131n yasal olarak fiziksel bir tur atmas\u0131na izin verildi\u011fi dakika, pazar\u0131n daha da hareketlenece\u011fini d\u00fc\u015f\u00fcn\u00fcyorum.\u2019 dedi.<\/p>\n<p>COVID-19 salg\u0131n\u0131n\u0131n zaten de\u011fi\u015fmekte olan baz\u0131 e\u011filimleri h\u0131zland\u0131rd\u0131\u011f\u0131n\u0131 belirten Tar\u0131k Se\u00e7kin\u00a0 \u2018Di\u011fer taraftan baz\u0131 e\u011filimler tersine d\u00f6nebilir. Bu d\u00f6nemde internet ve dijitalle\u015fmeye olan \u00f6nem artt\u0131. Muhtemelen e\u011filim ayn\u0131 y\u00f6nde devam edecek di\u011fer taraftan i\u015f ve ya\u015fam alanlar\u0131n\u0131n yo\u011funla\u015ft\u0131r\u0131lmas\u0131 i\u00e7in s\u00fcregelen e\u011filim yeniden g\u00f6zden ge\u00e7iriliyor.\u2018 dedi.<\/p>\n<p>Gayrimenkul ve emlak sekt\u00f6r\u00fcn\u00fcn karantina kald\u0131r\u0131ld\u0131\u011f\u0131nda, t\u00fcm de\u011fi\u015fenleri ile birlikte g\u00fc\u00e7l\u00fc bir toparlanma s\u00fcrecine girece\u011fini d\u00fc\u015f\u00fcnd\u00fc\u011f\u00fcn\u00fc dile getiren Tar\u0131k Se\u00e7kin \u2019Gayrimenkul, her d\u00f6nemde son derece \u00f6nemli bir varl\u0131k s\u0131n\u0131f\u0131d\u0131r. Bahar sat\u0131n alma sezonundan gelen bast\u0131r\u0131lm\u0131\u015f talep, sat\u0131\u015flar\u0131n y\u0131l sonuna kadar toparlanmas\u0131na yard\u0131mc\u0131 olacakt\u0131r diye d\u00fc\u015f\u00fcn\u00fcyorum\u2019 dedi.<\/p>\n<p>&nbsp;<\/p>\n","protected":false},"excerpt":{"rendered":"<p>COVID-19 salg\u0131n\u0131n\u0131n Gayrimenkul sekt\u00f6r\u00fc \u00fczerindeki etkilerini ve salg\u0131n sonras\u0131 beklentileri de\u011ferlendiren Keypoint Gayrimenkul kurucusu Tar\u0131k Se\u00e7kin,i\u00e7inde bulundu\u011fumuz d\u00f6nemin potansiyel gayrimenkul al\u0131c\u0131lar\u0131 ve yat\u0131r\u0131mc\u0131lar i\u00e7in m\u00fckemmel bir sat\u0131n alma f\u0131rsat\u0131 olu\u015fturdu\u011funu s\u00f6yledi. Son d\u00f6nemde hem yerli, hem de yabanc\u0131 m\u00fc\u015fterilerin gayrimenkul taleplerinin artt\u0131\u011f\u0131n\u0131 ve k\u00fcresel salg\u0131n Covid- 19\u2018un konut talebini yeniden \u015fekillendirdi\u011fini dile getiren Tar\u0131k Se\u00e7kin\u00a0 [&hellip;]<\/p>\n","protected":false},"author":1,"featured_media":5793,"comment_status":"open","ping_status":"open","sticky":false,"template":"","format":"standard","meta":{"footnotes":""},"categories":[169],"tags":[],"class_list":["post-6412","post","type-post","status-publish","format-standard","has-post-thumbnail","hentry","category-guncel-haberler"],"_links":{"self":[{"href":"https:\/\/www.keypoint.com.tr\/en\/wp-json\/wp\/v2\/posts\/6412","targetHints":{"allow":["GET"]}}],"collection":[{"href":"https:\/\/www.keypoint.com.tr\/en\/wp-json\/wp\/v2\/posts"}],"about":[{"href":"https:\/\/www.keypoint.com.tr\/en\/wp-json\/wp\/v2\/types\/post"}],"author":[{"embeddable":true,"href":"https:\/\/www.keypoint.com.tr\/en\/wp-json\/wp\/v2\/users\/1"}],"replies":[{"embeddable":true,"href":"https:\/\/www.keypoint.com.tr\/en\/wp-json\/wp\/v2\/comments?post=6412"}],"version-history":[{"count":3,"href":"https:\/\/www.keypoint.com.tr\/en\/wp-json\/wp\/v2\/posts\/6412\/revisions"}],"predecessor-version":[{"id":6415,"href":"https:\/\/www.keypoint.com.tr\/en\/wp-json\/wp\/v2\/posts\/6412\/revisions\/6415"}],"wp:featuredmedia":[{"embeddable":true,"href":"https:\/\/www.keypoint.com.tr\/en\/wp-json\/wp\/v2\/media\/5793"}],"wp:attachment":[{"href":"https:\/\/www.keypoint.com.tr\/en\/wp-json\/wp\/v2\/media?parent=6412"}],"wp:term":[{"taxonomy":"category","embeddable":true,"href":"https:\/\/www.keypoint.com.tr\/en\/wp-json\/wp\/v2\/categories?post=6412"},{"taxonomy":"post_tag","embeddable":true,"href":"https:\/\/www.keypoint.com.tr\/en\/wp-json\/wp\/v2\/tags?post=6412"}],"curies":[{"name":"wp","href":"https:\/\/api.w.org\/{rel}","templated":true}]}}