{"id":6434,"date":"2020-06-22T19:29:24","date_gmt":"2020-06-22T16:29:24","guid":{"rendered":"https:\/\/www.keypoint.com.tr\/?p=6434"},"modified":"2020-06-22T19:29:24","modified_gmt":"2020-06-22T16:29:24","slug":"oyak-dragos","status":"publish","type":"post","link":"https:\/\/www.keypoint.com.tr\/en\/oyak-dragos\/","title":{"rendered":"OYAK Dragos"},"content":{"rendered":"<p><b>OYAK Dragos projesi sat\u0131\u015fa \u00e7\u0131kt\u0131. Projede, 414 adet konut, 156 adet ofis ve 10 adet cadde d\u00fckkan bulunuyor&#8230;<\/b><\/p>\n<p>OYAK imzas\u0131yla \u0130stanbul&#8217;un merkezi b\u00f6lgelerinden Maltepe&#8217;de y\u00fckselen \u00a0Oyak Dragos\u00a0 projesi 3 bloktan olu\u015fuyor. Sat\u0131\u015fa \u00e7\u0131kan projenin A Blok k\u0131sm\u0131nda 1+1,2+1 ve 4+1 dubleks konutlar, B Blok k\u0131sm\u0131nda 2+1, 3+1, 3+1 dubleks, 4+1 ve 5+1 dubleks konutlar, C Blok&#8217;ta ise ofisler bulunuyor.<\/p>\n<p><img decoding=\"async\" class=\"lazy loaded\" src=\"https:\/\/emlakkulisi.com\/resim\/tamboyut\/NTExMzk1ND-oyak-dragos-satisa-cikti.jpg\" width=\"100%\" data-src=\"\/resim\/tamboyut\/NTExMzk1ND-oyak-dragos-satisa-cikti.jpg\" data-was-processed=\"true\" \/><\/p>\n<p>\u0130n\u015faat\u0131n ba\u015flad\u0131\u011f\u0131 OYAK Dragos projesinde sosyal tesis, y\u00fczme havuzu ve otopark gibi sosyal alanlara yer verildi.<\/p>\n<p>Konut ve ofislerin deniz manzaras\u0131na hakim oldu\u011fu proje, ye\u015fil bina tasar\u0131m\u0131na uygun \u015fekilde in\u015fa ediliyor.<\/p>\n<p><img decoding=\"async\" class=\"lazy loaded\" src=\"https:\/\/emlakkulisi.com\/resim\/tamboyut\/MTM1MjY5OT-oyak-dragos-satisa-cikti.jpg\" width=\"100%\" data-src=\"\/resim\/tamboyut\/MTM1MjY5OT-oyak-dragos-satisa-cikti.jpg\" data-was-processed=\"true\" \/><\/p>\n<p>T\u00fcm konutlarda balkona yer verilen OYAK Dragos, Kartal-Kad\u0131k\u00f6y merto istasyonuna ve Maltepe Park AVM&#8217;ye 800 metre y\u00fcr\u00fcme mesafesinde, Kartal Dr. L\u00fctfi K\u0131rdar E\u011fitim ve Ara\u015ft\u0131rma Hastanesi ve Ko\u015fuyolu Y\u00fcksek \u0130htisas E\u011fitim ve Ara\u015ft\u0131rma Hastanesi\u2019ne ve \u00a0Anadolu Yakas\u0131 Adalet Saray\u0131\u2019na 5 dakika mesafede y\u00fckseliyor.<\/p>\n<p><img decoding=\"async\" class=\"lazy loaded\" src=\"https:\/\/emlakkulisi.com\/resim\/tamboyut\/MjA4MTEyMT-oyak-dragos-satisa-cikti.jpg\" width=\"100%\" data-src=\"\/resim\/tamboyut\/MjA4MTEyMT-oyak-dragos-satisa-cikti.jpg\" data-was-processed=\"true\" \/><\/p>\n<p>414 adet konut, 156 adet ofis ve 10 adet cadde d\u00fckkana yer verilen projede 7\/24 g\u00fcvenlik hizmeti\u00a0sa\u011flan\u0131yor. Oyak Dragos&#8217;ta t\u00fcm konutlar balkonlu \u015fekilde tasarland\u0131.<\/p>\n<p>OYAK Dragos, Bostanc\u0131 \u0130DO iskelesine 10, Sabiha G\u00f6k\u00e7en Havaliman\u0131\u2019na 20, 15 Temmuz \u015eehitleri K\u00f6pr\u00fcs\u00fc\u2019ne 25, Fatih Sultan Mehmet K\u00f6pr\u00fcs\u00fc\u2019ne 30 H\u0131zl\u0131 Tren istasyonu\u2019na 15 dakika uzakl\u0131kta konumlan\u0131yor.<\/p>\n<p><img decoding=\"async\" class=\"lazy loaded\" src=\"https:\/\/emlakkulisi.com\/resim\/tamboyut\/MTY4Nzg4Nj-oyak-dragos-satisa-cikti.jpg\" width=\"100%\" data-src=\"\/resim\/tamboyut\/MTY4Nzg4Nj-oyak-dragos-satisa-cikti.jpg\" data-was-processed=\"true\" \/><\/p>\n<p>OYAK Dragos; oda b\u00fcy\u00fckl\u00fckleri, engelliler i\u00e7in eri\u015fim kolayl\u0131\u011f\u0131 sunan geni\u015f kap\u0131lar\u0131, konutlar\u0131n b\u00fcy\u00fckl\u00fc\u011f\u00fcyle kullan\u0131m kolayl\u0131\u011f\u0131n\u0131n ve fonksiyonelli\u011fin \u00f6n planda tutuldu\u011fu mimari tasar\u0131m\u0131yla dikkat \u00e7ekiyor.<\/p>\n<p><img decoding=\"async\" class=\"lazy loaded\" src=\"https:\/\/emlakkulisi.com\/resim\/tamboyut\/NDUxODA2Mz-oyak-dragos-satisa-cikti.jpg\" width=\"100%\" data-src=\"\/resim\/tamboyut\/NDUxODA2Mz-oyak-dragos-satisa-cikti.jpg\" data-was-processed=\"true\" \/><\/p>\n<p>OYAK Dragos projesinde konutlar\u0131n teslim tarihi 2022 Aral\u0131k olarak belirlendi.<\/p>\n","protected":false},"excerpt":{"rendered":"<p>OYAK Dragos projesi sat\u0131\u015fa \u00e7\u0131kt\u0131. Projede, 414 adet konut, 156 adet ofis ve 10 adet cadde d\u00fckkan bulunuyor&#8230; OYAK imzas\u0131yla \u0130stanbul&#8217;un merkezi b\u00f6lgelerinden Maltepe&#8217;de y\u00fckselen \u00a0Oyak Dragos\u00a0 projesi 3 bloktan olu\u015fuyor. Sat\u0131\u015fa \u00e7\u0131kan projenin A Blok k\u0131sm\u0131nda 1+1,2+1 ve 4+1 dubleks konutlar, B Blok k\u0131sm\u0131nda 2+1, 3+1, 3+1 dubleks, 4+1 ve 5+1 dubleks konutlar, C [&hellip;]<\/p>\n","protected":false},"author":1,"featured_media":6436,"comment_status":"open","ping_status":"open","sticky":false,"template":"","format":"standard","meta":{"footnotes":""},"categories":[169],"tags":[],"class_list":["post-6434","post","type-post","status-publish","format-standard","has-post-thumbnail","hentry","category-guncel-haberler"],"_links":{"self":[{"href":"https:\/\/www.keypoint.com.tr\/en\/wp-json\/wp\/v2\/posts\/6434","targetHints":{"allow":["GET"]}}],"collection":[{"href":"https:\/\/www.keypoint.com.tr\/en\/wp-json\/wp\/v2\/posts"}],"about":[{"href":"https:\/\/www.keypoint.com.tr\/en\/wp-json\/wp\/v2\/types\/post"}],"author":[{"embeddable":true,"href":"https:\/\/www.keypoint.com.tr\/en\/wp-json\/wp\/v2\/users\/1"}],"replies":[{"embeddable":true,"href":"https:\/\/www.keypoint.com.tr\/en\/wp-json\/wp\/v2\/comments?post=6434"}],"version-history":[{"count":1,"href":"https:\/\/www.keypoint.com.tr\/en\/wp-json\/wp\/v2\/posts\/6434\/revisions"}],"predecessor-version":[{"id":6435,"href":"https:\/\/www.keypoint.com.tr\/en\/wp-json\/wp\/v2\/posts\/6434\/revisions\/6435"}],"wp:featuredmedia":[{"embeddable":true,"href":"https:\/\/www.keypoint.com.tr\/en\/wp-json\/wp\/v2\/media\/6436"}],"wp:attachment":[{"href":"https:\/\/www.keypoint.com.tr\/en\/wp-json\/wp\/v2\/media?parent=6434"}],"wp:term":[{"taxonomy":"category","embeddable":true,"href":"https:\/\/www.keypoint.com.tr\/en\/wp-json\/wp\/v2\/categories?post=6434"},{"taxonomy":"post_tag","embeddable":true,"href":"https:\/\/www.keypoint.com.tr\/en\/wp-json\/wp\/v2\/tags?post=6434"}],"curies":[{"name":"wp","href":"https:\/\/api.w.org\/{rel}","templated":true}]}}