{"id":6446,"date":"2020-06-22T20:05:22","date_gmt":"2020-06-22T17:05:22","guid":{"rendered":"https:\/\/www.keypoint.com.tr\/?p=6446"},"modified":"2020-06-22T20:05:30","modified_gmt":"2020-06-22T17:05:30","slug":"nef-22-atakoy-projesine-2-elde-buyuk-talep","status":"publish","type":"post","link":"https:\/\/www.keypoint.com.tr\/en\/nef-22-atakoy-projesine-2-elde-buyuk-talep\/","title":{"rendered":"Nef 22 Atak\u00f6y Projesine 2. elde b\u00fcy\u00fck talep."},"content":{"rendered":"<p>Nef Atak\u00f6y 22, \u0130stanbul&#8217;un en g\u00fczel semtlerinden Atak\u00f6y&#8217;de,\u00a0<strong>25.000 m2<\/strong>&#8216;lik bir alanda yer al\u0131yor.\u00a0<strong>6 bloktan olu\u015fan projede, 18 katl\u0131 konut ve ofisin<\/strong>\u00a0yan\u0131nda, bir de al\u0131\u015fveri\u015f merkezi bulunuyor.<\/p>\n<p>Projede <strong>45 ile 234 m2<\/strong>\u00a0aras\u0131nda de\u011fi\u015fen\u00a0<strong>1+1, 2+1, 3+1 ve 4+1<\/strong>\u00a0daireler bulunuyor.<\/p>\n<p>Nef Atak\u00f6y 22, \u0130stanbul\u2019un en nezih ya\u015fam merkezlerinden\u00a0<strong>Florya, Ye\u015filk\u00f6y ve Bak\u0131rk\u00f6y<\/strong>\u2019\u00fcn tam kesi\u015fti\u011fi noktada yer al\u0131yor.<\/p>\n<p>Nef Atak\u00f6y 22 E5\u2019in yan\u0131 ba\u015f\u0131nda,\u00a0<strong>Bak\u0131rk\u00f6y Deniz Otob\u00fcs\u00fc \u0130skelesi ve marinaya<\/strong>\u00a0sadece\u00a0<strong>5 dakika<\/strong> uzakl\u0131kta. <strong>Atak\u00f6y-\u0130kitelli metrosunun<\/strong> bir dura\u011f\u0131 da projenin hemen yan\u0131ba\u015f\u0131nda olan projeye ilgi b\u00fcy\u00fck.<\/p>\n<p>&nbsp;<\/p>\n","protected":false},"excerpt":{"rendered":"<p>Nef Atak\u00f6y 22, \u0130stanbul&#8217;un en g\u00fczel semtlerinden Atak\u00f6y&#8217;de,\u00a025.000 m2&#8216;lik bir alanda yer al\u0131yor.\u00a06 bloktan olu\u015fan projede, 18 katl\u0131 konut ve ofisin\u00a0yan\u0131nda, bir de al\u0131\u015fveri\u015f merkezi bulunuyor. Projede 45 ile 234 m2\u00a0aras\u0131nda de\u011fi\u015fen\u00a01+1, 2+1, 3+1 ve 4+1\u00a0daireler bulunuyor. Nef Atak\u00f6y 22, \u0130stanbul\u2019un en nezih ya\u015fam merkezlerinden\u00a0Florya, Ye\u015filk\u00f6y ve Bak\u0131rk\u00f6y\u2019\u00fcn tam kesi\u015fti\u011fi noktada yer al\u0131yor. Nef Atak\u00f6y [&hellip;]<\/p>\n","protected":false},"author":1,"featured_media":6447,"comment_status":"open","ping_status":"open","sticky":false,"template":"","format":"standard","meta":{"footnotes":""},"categories":[169],"tags":[],"class_list":["post-6446","post","type-post","status-publish","format-standard","has-post-thumbnail","hentry","category-guncel-haberler"],"_links":{"self":[{"href":"https:\/\/www.keypoint.com.tr\/en\/wp-json\/wp\/v2\/posts\/6446","targetHints":{"allow":["GET"]}}],"collection":[{"href":"https:\/\/www.keypoint.com.tr\/en\/wp-json\/wp\/v2\/posts"}],"about":[{"href":"https:\/\/www.keypoint.com.tr\/en\/wp-json\/wp\/v2\/types\/post"}],"author":[{"embeddable":true,"href":"https:\/\/www.keypoint.com.tr\/en\/wp-json\/wp\/v2\/users\/1"}],"replies":[{"embeddable":true,"href":"https:\/\/www.keypoint.com.tr\/en\/wp-json\/wp\/v2\/comments?post=6446"}],"version-history":[{"count":1,"href":"https:\/\/www.keypoint.com.tr\/en\/wp-json\/wp\/v2\/posts\/6446\/revisions"}],"predecessor-version":[{"id":6448,"href":"https:\/\/www.keypoint.com.tr\/en\/wp-json\/wp\/v2\/posts\/6446\/revisions\/6448"}],"wp:featuredmedia":[{"embeddable":true,"href":"https:\/\/www.keypoint.com.tr\/en\/wp-json\/wp\/v2\/media\/6447"}],"wp:attachment":[{"href":"https:\/\/www.keypoint.com.tr\/en\/wp-json\/wp\/v2\/media?parent=6446"}],"wp:term":[{"taxonomy":"category","embeddable":true,"href":"https:\/\/www.keypoint.com.tr\/en\/wp-json\/wp\/v2\/categories?post=6446"},{"taxonomy":"post_tag","embeddable":true,"href":"https:\/\/www.keypoint.com.tr\/en\/wp-json\/wp\/v2\/tags?post=6446"}],"curies":[{"name":"wp","href":"https:\/\/api.w.org\/{rel}","templated":true}]}}